{"id":561,"date":"2024-08-20T15:58:53","date_gmt":"2024-08-20T13:58:53","guid":{"rendered":"https:\/\/www.casaolga.it\/2024\/08\/20\/die-laghetti-di-crave-und-der-rio-frassino-eine-versteckte-oase-im-bormida-tal\/"},"modified":"2025-08-22T16:37:13","modified_gmt":"2025-08-22T14:37:13","slug":"die-laghetti-di-crave-und-der-rio-frassino-eine-versteckte-oase-im-bormida-tal","status":"publish","type":"post","link":"https:\/\/www.casaolga.it\/de\/die-laghetti-di-crave-und-der-rio-frassino-eine-versteckte-oase-im-bormida-tal\/","title":{"rendered":"Die Laghetti di Crav\u00e8 und der Rio Frassino: eine versteckte Oase im Bormida-Tal"},"content":{"rendered":"\n<p class=\"wp-block-paragraph\">Das Bormida-Tal ist ein Land reich an verborgenen Sch\u00e4tzen, ideal f\u00fcr alle, die eine unber\u00fchrte und wenig bekannte Natur suchen. Unter anderem sind die <strong>kleinen Seen Crav\u00e8<\/strong> und <strong>Rio Frassino<\/strong> ein ideales Ziel f\u00fcr entspannende Ausfl\u00fcge, umgeben von der Majest\u00e4t des Barbottina-Waldes und pr\u00e4chtigen S\u00e4ulenbuchen. Diese Gew\u00e4sser, die in eine k\u00fchle, schattige Umgebung eingebettet sind, bieten einen perfekten Zufluchtsort vor der Sommerhitze der ligurischen K\u00fcste mit Temperaturen, die im Vergleich zur K\u00fcste um fast 10 Grad abweichen k\u00f6nnen.  <\/p>\n\n<h3 class=\"wp-block-heading\"><strong>Unber\u00fchrte Natur zum Entdecken<\/strong><\/h3>\n\n<p class=\"wp-block-paragraph\">Die Seen <strong>Rio Frassino<\/strong> und <strong>Crav\u00e8<\/strong> sind noch wenig bekannt, was dazu beitr\u00e4gt, ihre wilde und unber\u00fchrte Natur zu erhalten. Das macht sie zu perfekten Orten f\u00fcr alle, die der t\u00e4glichen Hektik entfliehen und ganz in die Stille der Natur eintauchen m\u00f6chten. Umgeben von majest\u00e4tischen Buchen sind diese Seen ein wahres Juwel f\u00fcr Wanderfreunde, aber auch f\u00fcr diejenigen, die einen Ort suchen, an dem sie sich w\u00e4hrend eines Spaziergangs ausruhen und erfrischen k\u00f6nnen.  <\/p>\n\n<h3 class=\"wp-block-heading\"><strong>Ein zug\u00e4nglicher Weg f\u00fcr alle<\/strong><\/h3>\n\n<p class=\"wp-block-paragraph\">Die Route zu den kleinen Seen ist f\u00fcr jeden geeignet, von Familien, die einen entspannenden Spaziergang machen m\u00f6chten, bis hin zu Sportlern, die einen Weg mitten in der Natur suchen. Der Weg beginnt an der <strong>ehemaligen Staatsstra\u00dfe 490 des Melogno-Passes<\/strong>: kurz hinter Localit\u00e0 Franchella folgen Sie dem Wegweiser &#8222;H&#8220;, der nach rechts hinunterf\u00fchrt. Von hier aus folgt der Weg dem Lauf des <strong>Rio Frassino<\/strong> und \u00fcberquert mehrere B\u00e4che, darunter den <strong>Rio Tana<\/strong>, den <strong>Rio Urucotti-Ariburni<\/strong> und schlie\u00dflich den <strong>Rio Pisciarotta<\/strong>, wo Sie etwas weiter oben den Zusammenfluss der B\u00e4che im Rio Frassino beobachten k\u00f6nnen.  <\/p>\n\n<p class=\"wp-block-paragraph\">Wenn Sie weiter durch den Buchenwald fahren, \u00fcberqueren Sie ein kurzes St\u00fcck der alten <strong>Via dei Francesi<\/strong>, die Sie verlassen, indem Sie rechts abbiegen und in Richtung Localit\u00e0 Crav\u00e8 weiterfahren. Hier werden Sie von den eindrucksvollen kleinen Seen empfangen, die der Flusslauf des Rio Frassino in die Felsen gegraben hat und die sich perfekt f\u00fcr eine entspannende Pause in einer nat\u00fcrlichen und unber\u00fchrten Umgebung eignen. <\/p>\n\n<p class=\"wp-block-paragraph\"><\/p>\n\n<h3 class=\"wp-block-heading\"><strong>Eine Reiseroute f\u00fcr alle Jahreszeiten<\/strong><\/h3>\n\n<p class=\"wp-block-paragraph\">Die Route ist etwa 3,2 Kilometer lang und \u00fcberwindet einen H\u00f6henunterschied von 200 Metern, so dass sie f\u00fcr jeden mit einem Minimum an Fitness zug\u00e4nglich ist. Die Gehzeit betr\u00e4gt etwa 1 Stunde und 30 Minuten, aber die entspannte Umgebung l\u00e4dt dazu ein, sich Zeit zu nehmen und die Umgebung zu erkunden. <\/p>\n\n<p class=\"wp-block-paragraph\">Die empfohlene Zeit f\u00fcr diesen Ausflug ist von M\u00e4rz bis November, aber die K\u00fchle der Gegend macht ihn besonders an hei\u00dfen Sommertagen angenehm, wenn die Temperatur im Wald deutlich niedriger sein kann als an der K\u00fcste.<\/p>\n\n<h3 class=\"wp-block-heading\"><strong>Wie man dorthin kommt<\/strong><\/h3>\n\n<p class=\"wp-block-paragraph\"><strong>Mit dem Auto von<\/strong> Bardineto <strong>aus:<\/strong> Wenn Sie in unserem Ferienhaus in Bardineto \u00fcbernachten, fahren Sie in Richtung <strong>Colle del Melogno<\/strong>auf der <strong>Provinzialstra\u00dfe 52<\/strong> in Richtung Calizzano. Nach einer etwa 15-min\u00fctigen Fahrt erreichen Sie die Kreuzung mit der <strong>Strada ex Statale 490<\/strong>. Von hier aus fahren Sie weiter nach rechts in Richtung Colle del Melogno. Nachdem Sie die Ortschaft Franchella passiert haben, beginnt der Weg zu den kleinen Seen.   <\/p>\n\n<p class=\"wp-block-paragraph\"><strong>Mit dem Auto von Millesimo\/Calizzano:<\/strong> Wenn Sie von Millesimo oder Calizzano kommen, folgen Sie der <strong>Provinzstra\u00dfe 51<\/strong> nach Calizzano. Von Calizzano aus fahren Sie weiter auf der <strong>Strada ex Statale 490<\/strong> in Richtung <strong>Colle del Melogno<\/strong>. Nach etwa 8 km, nachdem Sie die Ortschaft Franchella passiert haben, parken Sie Ihr Auto auf einer Lichtung in der N\u00e4he von km 24 der Stra\u00dfe. Von hier aus beginnt der Weg, der Sie zu den kleinen Seen f\u00fchrt.   <\/p>\n\n<p class=\"wp-block-paragraph\"><strong>Mit dem Auto von der Riviera:<\/strong> Von der Autobahnausfahrt <strong>Finale Ligure<\/strong> folgen Sie der Beschilderung nach <strong>Calizzano \/ Colle del Melogno<\/strong>. Nachdem Sie etwa 24 km auf der Staatsstra\u00dfe gefahren sind, finden Sie in der N\u00e4he von Km 24 einen gro\u00dfen Parkplatz auf einer Lichtung. Hier beginnt der Weg, der Sie zu den <strong>Laghetti di Crav\u00e8<\/strong> f\u00fchren wird.  <\/p>\n\n<p class=\"wp-block-paragraph\">Mit Zug <strong>und Bus:<\/strong> Wenn Sie mit dem Zug anreisen, steigen Sie am Bahnhof <strong>Finale Ligure<\/strong> aus. Von dort nehmen Sie den Bus nach <strong>Colle del Melogno \/ Calizzano<\/strong> und steigen kurz nach Km 24 der <strong>ehemaligen Staatsstra\u00dfe 490<\/strong> aus <strong>.<\/strong> Gehen Sie zu Fu\u00df auf dem markierten Weg weiter, um die kleinen Seen zu erreichen.  <\/p>\n\n<figure class=\"wp-block-embed\"><div class=\"wp-block-embed__wrapper\">\nhttps:\/\/www.google.com\/maps\/embed?pb=!1m18!1m12!1m3!1d2858.6259451729165!2d8.172664411358108!3d44.23535897095985!2m3!1f0!2f0!3f0!3m2!1i1024!2i768!4f13.1!3m3!1m2!1s0x12d2f3e5b1254949%3A0x7eae79ffc9fb200e!2sLaghetti%20di%20Crav%C3%A8!5e0!3m2!1sit!2sit!4v1724162275194!5m2!1sit!2sit\n<\/div><\/figure>\n\n<h3 class=\"wp-block-heading\"><strong>Die Buche von F\u00f2 Grossu entdecken<\/strong><\/h3>\n\n<p class=\"wp-block-paragraph\">Ein weiterer unumg\u00e4nglicher Halt w\u00e4hrend des Ausflugs ist der Faggio <strong>F\u00f2 Grossu<\/strong>, ein imposantes Exemplar einer hundertj\u00e4hrigen Buche, die als monumentaler Baum katalogisiert ist und unter besonderem Schutz steht. Diese 37 Meter hohe Buche mit einem Umfang von 360 cm ist ein Symbol des Barbottina-Waldes und ein echtes Naturdenkmal. <\/p>\n\n<h3 class=\"wp-block-heading\"><strong>Praktische Ratschl\u00e4ge<\/strong><\/h3>\n\n<ul class=\"wp-block-list\">\n<li><strong>Beste Zeit<\/strong>: M\u00e4rz bis November.<\/li>\n\n\n\n<li><strong>Zugang<\/strong>: Die Gegend ist sowohl mit dem Auto als auch mit \u00f6ffentlichen Verkehrsmitteln leicht zu erreichen.<\/li>\n\n\n\n<li><strong>Klima<\/strong>: k\u00fchl selbst an den hei\u00dfesten Sommertagen, mit einem Unterschied von etwa 10 Grad zur K\u00fcste.<\/li>\n\n\n\n<li><strong>Ausr\u00fcstung<\/strong>: Tragen Sie f\u00fcr Wanderwege geeignetes Schuhwerk und vergessen Sie nicht, Wasser mitzunehmen, auch wenn Sie entlang der Route einige Trinkwasserquellen finden, wie z.B. die <strong>Sorgente dei Cantugn\u00e8 (Cantugn\u00e8-Quelle<\/strong>), die in der N\u00e4he der Hauptstra\u00dfe liegt.<\/li>\n<\/ul>\n\n<h3 class=\"wp-block-heading\"><strong>Eine paradiesische Ecke f\u00fcr einen entspannten Tag<\/strong><\/h3>\n\n<p class=\"wp-block-paragraph\">Die <strong>Laghetti di Crav\u00e8<\/strong> sind ein ideales Ziel f\u00fcr alle, die einen Tag inmitten der Natur verbringen m\u00f6chten, weit weg vom L\u00e4rm der Stadt. Zwischen den B\u00e4chen, die aus den Bergh\u00e4ngen sprudeln, und den schattigen W\u00e4ldern sind diese Wasserfl\u00e4chen auch im Sommer ideal f\u00fcr ein erfrischendes Bad. <\/p>\n\n<p class=\"wp-block-paragraph\">Diese Orte sind ein nat\u00fcrliches Refugium, in dem Sie sich entspannen und die unber\u00fchrte Sch\u00f6nheit des Bormida-Tals bewundern k\u00f6nnen, umgeben von Stille und Gr\u00fcn. Verpassen Sie nicht die Chance, ein einzigartiges Erlebnis an einem Ort zu genie\u00dfen, der noch wenig bekannt, aber von seltener Sch\u00f6nheit ist. <\/p>\n\n<hr class=\"wp-block-separator has-alpha-channel-opacity\"\/>\n\n<p class=\"wp-block-paragraph\"><strong>Quellen und Einblicke<\/strong>:<\/p>\n\n<ol class=\"wp-block-list\">\n<li><a href=\"https:\/\/it.wikiloc.com\/percorsi-cammino\/laghi-di-crave-96090271\">Crav\u00e8-Seen Wikiloc-Route<\/a><\/li>\n\n\n\n<li><a href=\"https:\/\/fondoambiente.it\/luoghi\/laghi-di-crave?ldc\">Italienischer Umweltfonds: Crav\u00e8-Seen<\/a><\/li>\n<\/ol>\n\n<p class=\"wp-block-paragraph\"><\/p>\n\n<figure class=\"wp-block-gallery has-nested-images columns-default is-cropped wp-block-gallery-1 is-layout-flex wp-block-gallery-is-layout-flex\">\n<figure class=\"wp-block-image size-large is-style-default\"><img loading=\"lazy\" decoding=\"async\" width=\"1024\" height=\"768\" data-id=\"8\" src=\"https:\/\/www.casaolga.it\/wp-content\/uploads\/2024\/08\/Crave-Laghetti-Calizzano-Val-Bormida_7-1024x768.jpeg\" alt=\"Crav&#xE8; Laghetti Calizzano Val Bormida_7\" class=\"wp-image-8\" srcset=\"https:\/\/www.casaolga.it\/wp-content\/uploads\/2024\/08\/Crave-Laghetti-Calizzano-Val-Bormida_7-1024x768.jpeg 1024w, https:\/\/www.casaolga.it\/wp-content\/uploads\/2024\/08\/Crave-Laghetti-Calizzano-Val-Bormida_7-980x735.jpeg 980w, https:\/\/www.casaolga.it\/wp-content\/uploads\/2024\/08\/Crave-Laghetti-Calizzano-Val-Bormida_7-480x360.jpeg 480w\" sizes=\"(min-width: 0px) and (max-width: 480px) 480px, (min-width: 481px) and (max-width: 980px) 980px, (min-width: 981px) 1024px, 100vw\" \/><\/figure>\n\n\n\n<figure class=\"wp-block-image size-large\"><img loading=\"lazy\" decoding=\"async\" width=\"1024\" height=\"768\" data-id=\"9\" src=\"https:\/\/www.casaolga.it\/wp-content\/uploads\/2024\/08\/Crave-Laghetti-Calizzano-Val-Bormida_8-1024x768.jpeg\" alt=\"Crav&#xE8; Laghetti Calizzano Val Bormida_8\" class=\"wp-image-9\" srcset=\"https:\/\/www.casaolga.it\/wp-content\/uploads\/2024\/08\/Crave-Laghetti-Calizzano-Val-Bormida_8-1024x768.jpeg 1024w, https:\/\/www.casaolga.it\/wp-content\/uploads\/2024\/08\/Crave-Laghetti-Calizzano-Val-Bormida_8-980x735.jpeg 980w, https:\/\/www.casaolga.it\/wp-content\/uploads\/2024\/08\/Crave-Laghetti-Calizzano-Val-Bormida_8-480x360.jpeg 480w\" sizes=\"(min-width: 0px) and (max-width: 480px) 480px, (min-width: 481px) and (max-width: 980px) 980px, (min-width: 981px) 1024px, 100vw\" \/><\/figure>\n\n\n\n<figure class=\"wp-block-image size-large\"><img loading=\"lazy\" decoding=\"async\" width=\"768\" height=\"1024\" data-id=\"10\" src=\"https:\/\/www.casaolga.it\/wp-content\/uploads\/2024\/08\/Crave-Laghetti-Calizzano-Val-Bormida_9-768x1024.jpeg\" alt=\"Crav&#xE8; Hundeteiche Ligurien Calizzano Val Bormida_9\" class=\"wp-image-10\" srcset=\"https:\/\/www.casaolga.it\/wp-content\/uploads\/2024\/08\/Crave-Laghetti-Calizzano-Val-Bormida_9-768x1024.jpeg 768w, https:\/\/www.casaolga.it\/wp-content\/uploads\/2024\/08\/Crave-Laghetti-Calizzano-Val-Bormida_9-480x640.jpeg 480w\" sizes=\"(min-width: 0px) and (max-width: 480px) 480px, (min-width: 481px) 768px, 100vw\" \/><\/figure>\n\n\n\n<figure class=\"wp-block-image size-large\"><img loading=\"lazy\" decoding=\"async\" width=\"1024\" height=\"576\" data-id=\"11\" src=\"https:\/\/www.casaolga.it\/wp-content\/uploads\/2024\/08\/Crave-Laghetti-Calizzano-Val-Bormida_6-1024x576.jpg\" alt=\"Crav&#xE8; Laghetti Calizzano Val Bormida_6\" class=\"wp-image-11\" srcset=\"https:\/\/www.casaolga.it\/wp-content\/uploads\/2024\/08\/Crave-Laghetti-Calizzano-Val-Bormida_6-980x552.jpg 980w, https:\/\/www.casaolga.it\/wp-content\/uploads\/2024\/08\/Crave-Laghetti-Calizzano-Val-Bormida_6-480x270.jpg 480w\" sizes=\"(min-width: 0px) and (max-width: 480px) 480px, (min-width: 481px) and (max-width: 980px) 980px, (min-width: 981px) 1024px, 100vw\" \/><\/figure>\n\n\n\n<figure class=\"wp-block-image size-large\"><img loading=\"lazy\" decoding=\"async\" width=\"588\" height=\"822\" data-id=\"13\" src=\"https:\/\/www.casaolga.it\/wp-content\/uploads\/2024\/08\/Crave-Laghetti-Calizzano-Val-Bormida_10.jpeg\" alt=\"Crave-Laghetti-Calizzano-Val-Bormida_10.jpeg\" class=\"wp-image-13\" srcset=\"https:\/\/www.casaolga.it\/wp-content\/uploads\/2024\/08\/Crave-Laghetti-Calizzano-Val-Bormida_10.jpeg 588w, https:\/\/www.casaolga.it\/wp-content\/uploads\/2024\/08\/Crave-Laghetti-Calizzano-Val-Bormida_10-480x671.jpeg 480w\" sizes=\"(min-width: 0px) and (max-width: 480px) 480px, (min-width: 481px) 588px, 100vw\" \/><figcaption class=\"wp-element-caption\">Crave-Laghetti-Calizzano-Val-Bormida_10.jpeg<\/figcaption><\/figure>\n\n\n\n<figure class=\"wp-block-image size-large\"><img loading=\"lazy\" decoding=\"async\" width=\"591\" height=\"715\" data-id=\"14\" src=\"https:\/\/www.casaolga.it\/wp-content\/uploads\/2024\/08\/Crave-Laghetti-Calizzano-Val-Bormida_11.jpeg\" alt=\"Crave-Laghetti-Calizzano-Val-Bormida_11.jpeg\" class=\"wp-image-14\" srcset=\"https:\/\/www.casaolga.it\/wp-content\/uploads\/2024\/08\/Crave-Laghetti-Calizzano-Val-Bormida_11.jpeg 591w, https:\/\/www.casaolga.it\/wp-content\/uploads\/2024\/08\/Crave-Laghetti-Calizzano-Val-Bormida_11-480x581.jpeg 480w\" sizes=\"(min-width: 0px) and (max-width: 480px) 480px, (min-width: 481px) 591px, 100vw\" \/><figcaption class=\"wp-element-caption\">Crave-Laghetti-Calizzano-Val-Bormida_11.jpeg<\/figcaption><\/figure>\n<\/figure>\n","protected":false},"excerpt":{"rendered":"<p>Das Bormida-Tal ist ein Land reich an verborgenen Sch\u00e4tzen, ideal f\u00fcr alle, die eine unber\u00fchrte und wenig bekannte Natur suchen. Unter anderem sind die kleinen Seen Crav\u00e8 und Rio Frassino ein ideales Ziel f\u00fcr entspannende Ausfl\u00fcge, umgeben von der Majest\u00e4t des Barbottina-Waldes und pr\u00e4chtigen S\u00e4ulenbuchen. Diese Gew\u00e4sser, die in eine k\u00fchle, schattige Umgebung eingebettet sind, [&hellip;]<\/p>\n","protected":false},"author":1,"featured_media":268,"comment_status":"open","ping_status":"open","sticky":false,"template":"","format":"standard","meta":{"_et_pb_use_builder":"off","_et_pb_old_content":"","_et_gb_content_width":"","footnotes":""},"categories":[36],"tags":[48,82],"class_list":["post-561","post","type-post","status-publish","format-standard","has-post-thumbnail","hentry","category-wandern-spazierengehen","tag-calizzano-de","tag-teiche"],"_links":{"self":[{"href":"https:\/\/www.casaolga.it\/de\/wp-json\/wp\/v2\/posts\/561","targetHints":{"allow":["GET"]}}],"collection":[{"href":"https:\/\/www.casaolga.it\/de\/wp-json\/wp\/v2\/posts"}],"about":[{"href":"https:\/\/www.casaolga.it\/de\/wp-json\/wp\/v2\/types\/post"}],"author":[{"embeddable":true,"href":"https:\/\/www.casaolga.it\/de\/wp-json\/wp\/v2\/users\/1"}],"replies":[{"embeddable":true,"href":"https:\/\/www.casaolga.it\/de\/wp-json\/wp\/v2\/comments?post=561"}],"version-history":[{"count":5,"href":"https:\/\/www.casaolga.it\/de\/wp-json\/wp\/v2\/posts\/561\/revisions"}],"predecessor-version":[{"id":734,"href":"https:\/\/www.casaolga.it\/de\/wp-json\/wp\/v2\/posts\/561\/revisions\/734"}],"wp:featuredmedia":[{"embeddable":true,"href":"https:\/\/www.casaolga.it\/de\/wp-json\/wp\/v2\/media\/268"}],"wp:attachment":[{"href":"https:\/\/www.casaolga.it\/de\/wp-json\/wp\/v2\/media?parent=561"}],"wp:term":[{"taxonomy":"category","embeddable":true,"href":"https:\/\/www.casaolga.it\/de\/wp-json\/wp\/v2\/categories?post=561"},{"taxonomy":"post_tag","embeddable":true,"href":"https:\/\/www.casaolga.it\/de\/wp-json\/wp\/v2\/tags?post=561"}],"curies":[{"name":"wp","href":"https:\/\/api.w.org\/{rel}","templated":true}]}}