{"id":567,"date":"2024-08-20T15:58:53","date_gmt":"2024-08-20T13:58:53","guid":{"rendered":"https:\/\/www.casaolga.it\/2024\/08\/20\/les-laghetti-di-crave-et-le-rio-frassino-une-oasis-cachee-dans-la-vallee-de-la-bormida\/"},"modified":"2025-08-22T16:37:13","modified_gmt":"2025-08-22T14:37:13","slug":"les-laghetti-di-crave-et-le-rio-frassino-une-oasis-cachee-dans-la-vallee-de-la-bormida","status":"publish","type":"post","link":"https:\/\/www.casaolga.it\/fr\/les-laghetti-di-crave-et-le-rio-frassino-une-oasis-cachee-dans-la-vallee-de-la-bormida\/","title":{"rendered":"Les Laghetti di Crav\u00e8 et le Rio Frassino : une oasis cach\u00e9e dans la vall\u00e9e de la Bormida"},"content":{"rendered":"\n<p class=\"wp-block-paragraph\">La vall\u00e9e de la Bormida est une terre riche en tr\u00e9sors cach\u00e9s, id\u00e9ale pour ceux qui recherchent une nature intacte et peu connue. Parmi ses merveilles, les <strong>petits lacs de Crav\u00e8<\/strong> et de <strong>Rio Frassino<\/strong> sont une destination id\u00e9ale pour des excursions relaxantes, entour\u00e9s de la majest\u00e9 de la for\u00eat de Barbottina et de splendides h\u00eatres colonnaires. Ces \u00e9tendues d&rsquo;eau, immerg\u00e9es dans un environnement frais et ombrag\u00e9, offrent un refuge parfait contre la chaleur estivale de la c\u00f4te ligure, avec des temp\u00e9ratures qui peuvent diff\u00e9rer de pr\u00e8s de 10 degr\u00e9s par rapport \u00e0 la c\u00f4te.  <\/p>\n\n<h3 class=\"wp-block-heading\"><strong>Une nature pr\u00e9serv\u00e9e \u00e0 d\u00e9couvrir<\/strong><\/h3>\n\n<p class=\"wp-block-paragraph\">Les lacs de <strong>Rio Frassino<\/strong> et de <strong>Crav\u00e8<\/strong> sont encore peu connus, ce qui contribue \u00e0 pr\u00e9server leur caract\u00e8re sauvage et intact. C&rsquo;est donc un endroit id\u00e9al pour ceux qui souhaitent s&rsquo;\u00e9loigner de l&rsquo;agitation quotidienne et s&rsquo;immerger totalement dans la tranquillit\u00e9 de la nature. Entour\u00e9s de h\u00eatres majestueux, ces lacs sont un v\u00e9ritable bijou pour les amateurs de randonn\u00e9es, mais aussi pour ceux qui cherchent un endroit pour se reposer et se rafra\u00eechir au cours d&rsquo;une promenade.  <\/p>\n\n<h3 class=\"wp-block-heading\"><strong>Un itin\u00e9raire accessible \u00e0 tous<\/strong><\/h3>\n\n<p class=\"wp-block-paragraph\">L&rsquo;itin\u00e9raire vers les petits lacs est adapt\u00e9 \u00e0 tous, des familles \u00e0 la recherche d&rsquo;une promenade relaxante aux sportifs \u00e0 la recherche d&rsquo;un parcours immerg\u00e9 dans la nature. Le sentier part de l&rsquo;<strong>ancienne route nationale 490 du col de Melogno<\/strong>: juste apr\u00e8s la localit\u00e9 de Franchella, suivez le panneau \u00ab\u00a0H\u00a0\u00bb qui descend sur la droite. \u00c0 partir de l\u00e0, le sentier suit le cours du <strong>Rio Frassino<\/strong> et traverse plusieurs ruisseaux, dont le <strong>Rio Tana<\/strong>, le <strong>Rio Urucotti-Ariburni<\/strong> et enfin le <strong>Rio Pisciarotta<\/strong>, o\u00f9 l&rsquo;on peut observer, un peu plus haut, la confluence des ruisseaux du Rio Frassino.  <\/p>\n\n<p class=\"wp-block-paragraph\">En continuant \u00e0 travers la for\u00eat de h\u00eatres, vous traverserez un court tron\u00e7on de l&rsquo;ancienne <strong>Via dei Francesi<\/strong>, que vous quitterez en tournant \u00e0 droite pour continuer vers la localit\u00e9 de Crav\u00e8. Ici, vous serez accueillis par les suggestifs petits lacs creus\u00e9s dans la roche par le cours du Rio Frassino, parfaits pour une pause relaxante dans un environnement naturel et non contamin\u00e9. <\/p>\n\n<p class=\"wp-block-paragraph\"><\/p>\n\n<h3 class=\"wp-block-heading\"><strong>Un itin\u00e9raire pour toutes les saisons<\/strong><\/h3>\n\n<p class=\"wp-block-paragraph\">Le parcours est d&rsquo;environ 3,2 kilom\u00e8tres avec un d\u00e9nivel\u00e9 de 200 m\u00e8tres, ce qui le rend accessible \u00e0 toute personne ayant un minimum de condition physique. Le temps de marche est d&rsquo;environ 1 heure et 30 minutes, mais l&rsquo;environnement relaxant vous invite \u00e0 prendre votre temps pour explorer les environs. <\/p>\n\n<p class=\"wp-block-paragraph\">La p\u00e9riode recommand\u00e9e pour cette excursion est de mars \u00e0 novembre, mais la fra\u00eecheur de la r\u00e9gion la rend particuli\u00e8rement agr\u00e9able pendant les chaudes journ\u00e9es d&rsquo;\u00e9t\u00e9, lorsque la temp\u00e9rature dans la for\u00eat peut \u00eatre nettement inf\u00e9rieure \u00e0 celle de la c\u00f4te.<\/p>\n\n<h3 class=\"wp-block-heading\"><strong>Comment s&rsquo;y rendre<\/strong><\/h3>\n\n<p class=\"wp-block-paragraph\"><strong>En voiture depuis Bardineto :<\/strong> Si vous s\u00e9journez dans notre maison de vacances \u00e0 Bardineto, dirigez-vous vers le <strong>Colle del Melogno<\/strong>en empruntant la <strong>route provinciale 52<\/strong> en direction de Calizzano. Apr\u00e8s environ 15 minutes de route, vous arriverez \u00e0 la jonction avec la <strong>Strada ex Statale 490<\/strong>. \u00c0 partir de l\u00e0, continuez \u00e0 droite en direction du Colle del Melogno. Apr\u00e8s avoir pass\u00e9 la localit\u00e9 de Franchella, vous trouverez le d\u00e9but du sentier des petits lacs.   <\/p>\n\n<p class=\"wp-block-paragraph\"><strong>En voiture depuis Millesimo\/Calizzano :<\/strong> si vous arrivez de Millesimo ou de Calizzano, suivez la <strong>route provinciale 51<\/strong> jusqu&rsquo;\u00e0 Calizzano. De Calizzano, continuez sur la <strong>Strada ex Statale 490<\/strong> en direction de <strong>Colle del Melogno<\/strong>. Apr\u00e8s environ 8 km, apr\u00e8s avoir pass\u00e9 la localit\u00e9 de Franchella, garez votre voiture dans la clairi\u00e8re situ\u00e9e pr\u00e8s du km 24 de la route. De l\u00e0, commence le sentier qui vous m\u00e8nera aux petits lacs.   <\/p>\n\n<p class=\"wp-block-paragraph\"><strong>En voiture depuis la Riviera :<\/strong> \u00e0 la sortie de l&rsquo;autoroute <strong>Finale Ligure<\/strong>, suivre les indications pour <strong>Calizzano \/ Colle del Melogno<\/strong>. Apr\u00e8s avoir parcouru environ 24 km sur la route nationale, vous trouverez un grand parking dans une clairi\u00e8re pr\u00e8s du km 24. C&rsquo;est l\u00e0 que commence le sentier qui vous m\u00e8nera aux <strong>Laghetti di Crav\u00e8<\/strong>.  <\/p>\n\n<p class=\"wp-block-paragraph\">En train <strong>et en bus :<\/strong> Si vous voyagez en train, descendez \u00e0 la gare de <strong>Finale Ligure<\/strong>. De l\u00e0, prenez le bus pour <strong>Colle del Melogno \/ Calizzano<\/strong> et descendez peu apr\u00e8s le km 24 de l&rsquo;<strong>ancienne route nationale 490<\/strong>. Poursuivez \u00e0 pied le long du sentier balis\u00e9 pour atteindre les petits lacs.  <\/p>\n\n<figure class=\"wp-block-embed\"><div class=\"wp-block-embed__wrapper\">\nhttps:\/\/www.google.com\/maps\/embed?pb=!1m18!1m12!1m3!1d2858.6259451729165!2d8.172664411358108!3d44.23535897095985!2m3!1f0!2f0!3f0!3m2!1i1024!2i768!4f13.1!3m3!1m2!1s0x12d2f3e5b1254949%3A0x7eae79ffc9fb200e!2sLaghetti%20di%20Crav%C3%A8!5e0!3m2!1sit!2sit!4v1724162275194!5m2!1sit!2sit\n<\/div><\/figure>\n\n<h3 class=\"wp-block-heading\"><strong>\u00c0 la d\u00e9couverte du h\u00eatre F\u00f2 Grossu<\/strong><\/h3>\n\n<p class=\"wp-block-paragraph\">Au cours de l&rsquo;excursion, une autre \u00e9tape incontournable est le Faggio <strong>F\u00f2 Grossu<\/strong>, un imposant sp\u00e9cimen de h\u00eatre centenaire, catalogu\u00e9 comme arbre monumental et b\u00e9n\u00e9ficiant d&rsquo;une protection sp\u00e9ciale. Ce h\u00eatre, d&rsquo;une hauteur de 37 m\u00e8tres et d&rsquo;une circonf\u00e9rence de 360 cm, est un symbole de la for\u00eat de Barbottina et un v\u00e9ritable monument naturel. <\/p>\n\n<h3 class=\"wp-block-heading\"><strong>Conseils pratiques<\/strong><\/h3>\n\n<ul class=\"wp-block-list\">\n<li><strong>Meilleure p\u00e9riode<\/strong>: de mars \u00e0 novembre.<\/li>\n\n\n\n<li><strong>Acc\u00e8s<\/strong>: la zone est facilement accessible en voiture et par les transports publics.<\/li>\n\n\n\n<li><strong>Climat<\/strong>: frais m\u00eame pendant les journ\u00e9es d&rsquo;\u00e9t\u00e9 les plus chaudes, avec une diff\u00e9rence d&rsquo;environ 10 degr\u00e9s par rapport \u00e0 la c\u00f4te.<\/li>\n\n\n\n<li><strong>\u00c9quipement<\/strong>: portez des chaussures adapt\u00e9es aux sentiers de randonn\u00e9e et n&rsquo;oubliez pas d&#8217;emporter de l&rsquo;eau, m\u00eame si vous trouverez quelques sources d&rsquo;eau potable le long du parcours, comme la <strong>Sorgente dei Cantugn\u00e8<\/strong>, situ\u00e9e pr\u00e8s de la route principale.<\/li>\n<\/ul>\n\n<h3 class=\"wp-block-heading\"><strong>Un coin de paradis pour une journ\u00e9e de d\u00e9tente<\/strong><\/h3>\n\n<p class=\"wp-block-paragraph\">Les <strong>Laghetti di Crav\u00e8<\/strong> sont une destination id\u00e9ale pour ceux qui souhaitent passer une journ\u00e9e en pleine nature, loin du bruit de la ville. Entre les ruisseaux qui jaillissent des flancs de la montagne et les for\u00eats ombrag\u00e9es, ces \u00e9tendues d&rsquo;eau sont \u00e9galement parfaites pour une baignade rafra\u00eechissante pendant l&rsquo;\u00e9t\u00e9. <\/p>\n\n<p class=\"wp-block-paragraph\">Ces lieux constituent un refuge naturel o\u00f9 vous pourrez vous d\u00e9tendre et admirer la beaut\u00e9 intacte de la vall\u00e9e de la Bormida, entour\u00e9e de silence et de verdure. Ne manquez pas l&rsquo;occasion de vivre une exp\u00e9rience unique dans un lieu encore peu connu mais d&rsquo;une rare beaut\u00e9. <\/p>\n\n<hr class=\"wp-block-separator has-alpha-channel-opacity\"\/>\n\n<p class=\"wp-block-paragraph\"><strong>Sources et perspectives<\/strong>:<\/p>\n\n<ol class=\"wp-block-list\">\n<li><a href=\"https:\/\/it.wikiloc.com\/percorsi-cammino\/laghi-di-crave-96090271\">Lacs de Crav\u00e8 Wikiloc Route<\/a><\/li>\n\n\n\n<li><a href=\"https:\/\/fondoambiente.it\/luoghi\/laghi-di-crave?ldc\">Fonds italien pour l&rsquo;environnement : lacs de Crav\u00e8<\/a><\/li>\n<\/ol>\n\n<p class=\"wp-block-paragraph\"><\/p>\n\n<figure class=\"wp-block-gallery has-nested-images columns-default is-cropped wp-block-gallery-1 is-layout-flex wp-block-gallery-is-layout-flex\">\n<figure class=\"wp-block-image size-large is-style-default\"><img loading=\"lazy\" decoding=\"async\" width=\"1024\" height=\"768\" data-id=\"8\" src=\"https:\/\/www.casaolga.it\/wp-content\/uploads\/2024\/08\/Crave-Laghetti-Calizzano-Val-Bormida_7-1024x768.jpeg\" alt=\"Crav&#xE8; Laghetti Calizzano Val Bormida_7\" class=\"wp-image-8\" srcset=\"https:\/\/www.casaolga.it\/wp-content\/uploads\/2024\/08\/Crave-Laghetti-Calizzano-Val-Bormida_7-1024x768.jpeg 1024w, https:\/\/www.casaolga.it\/wp-content\/uploads\/2024\/08\/Crave-Laghetti-Calizzano-Val-Bormida_7-980x735.jpeg 980w, https:\/\/www.casaolga.it\/wp-content\/uploads\/2024\/08\/Crave-Laghetti-Calizzano-Val-Bormida_7-480x360.jpeg 480w\" sizes=\"(min-width: 0px) and (max-width: 480px) 480px, (min-width: 481px) and (max-width: 980px) 980px, (min-width: 981px) 1024px, 100vw\" \/><\/figure>\n\n\n\n<figure class=\"wp-block-image size-large\"><img loading=\"lazy\" decoding=\"async\" width=\"1024\" height=\"768\" data-id=\"9\" src=\"https:\/\/www.casaolga.it\/wp-content\/uploads\/2024\/08\/Crave-Laghetti-Calizzano-Val-Bormida_8-1024x768.jpeg\" alt=\"Crav&#xE8; Laghetti Calizzano Val Bormida_8\" class=\"wp-image-9\" srcset=\"https:\/\/www.casaolga.it\/wp-content\/uploads\/2024\/08\/Crave-Laghetti-Calizzano-Val-Bormida_8-1024x768.jpeg 1024w, https:\/\/www.casaolga.it\/wp-content\/uploads\/2024\/08\/Crave-Laghetti-Calizzano-Val-Bormida_8-980x735.jpeg 980w, https:\/\/www.casaolga.it\/wp-content\/uploads\/2024\/08\/Crave-Laghetti-Calizzano-Val-Bormida_8-480x360.jpeg 480w\" sizes=\"(min-width: 0px) and (max-width: 480px) 480px, (min-width: 481px) and (max-width: 980px) 980px, (min-width: 981px) 1024px, 100vw\" \/><\/figure>\n\n\n\n<figure class=\"wp-block-image size-large\"><img loading=\"lazy\" decoding=\"async\" width=\"768\" height=\"1024\" data-id=\"10\" src=\"https:\/\/www.casaolga.it\/wp-content\/uploads\/2024\/08\/Crave-Laghetti-Calizzano-Val-Bormida_9-768x1024.jpeg\" alt=\"&#xC9;tangs pour chiens Crav&#xE8; Ligurie Calizzano Val Bormida_9\" class=\"wp-image-10\" srcset=\"https:\/\/www.casaolga.it\/wp-content\/uploads\/2024\/08\/Crave-Laghetti-Calizzano-Val-Bormida_9-768x1024.jpeg 768w, https:\/\/www.casaolga.it\/wp-content\/uploads\/2024\/08\/Crave-Laghetti-Calizzano-Val-Bormida_9-480x640.jpeg 480w\" sizes=\"(min-width: 0px) and (max-width: 480px) 480px, (min-width: 481px) 768px, 100vw\" \/><\/figure>\n\n\n\n<figure class=\"wp-block-image size-large\"><img loading=\"lazy\" decoding=\"async\" width=\"1024\" height=\"576\" data-id=\"11\" src=\"https:\/\/www.casaolga.it\/wp-content\/uploads\/2024\/08\/Crave-Laghetti-Calizzano-Val-Bormida_6-1024x576.jpg\" alt=\"Crav&#xE8; Laghetti Calizzano Val Bormida_6\" class=\"wp-image-11\" srcset=\"https:\/\/www.casaolga.it\/wp-content\/uploads\/2024\/08\/Crave-Laghetti-Calizzano-Val-Bormida_6-980x552.jpg 980w, https:\/\/www.casaolga.it\/wp-content\/uploads\/2024\/08\/Crave-Laghetti-Calizzano-Val-Bormida_6-480x270.jpg 480w\" sizes=\"(min-width: 0px) and (max-width: 480px) 480px, (min-width: 481px) and (max-width: 980px) 980px, (min-width: 981px) 1024px, 100vw\" \/><\/figure>\n\n\n\n<figure class=\"wp-block-image size-large\"><img loading=\"lazy\" decoding=\"async\" width=\"588\" height=\"822\" data-id=\"13\" src=\"https:\/\/www.casaolga.it\/wp-content\/uploads\/2024\/08\/Crave-Laghetti-Calizzano-Val-Bormida_10.jpeg\" alt=\"Crave-Laghetti-Calizzano-Val-Bormida_10.jpeg\" class=\"wp-image-13\" srcset=\"https:\/\/www.casaolga.it\/wp-content\/uploads\/2024\/08\/Crave-Laghetti-Calizzano-Val-Bormida_10.jpeg 588w, https:\/\/www.casaolga.it\/wp-content\/uploads\/2024\/08\/Crave-Laghetti-Calizzano-Val-Bormida_10-480x671.jpeg 480w\" sizes=\"(min-width: 0px) and (max-width: 480px) 480px, (min-width: 481px) 588px, 100vw\" \/><figcaption class=\"wp-element-caption\">Crave-Laghetti-Calizzano-Val-Bormida_10.jpeg<\/figcaption><\/figure>\n\n\n\n<figure class=\"wp-block-image size-large\"><img loading=\"lazy\" decoding=\"async\" width=\"591\" height=\"715\" data-id=\"14\" src=\"https:\/\/www.casaolga.it\/wp-content\/uploads\/2024\/08\/Crave-Laghetti-Calizzano-Val-Bormida_11.jpeg\" alt=\"Crave-Laghetti-Calizzano-Val-Bormida_11.jpeg\" class=\"wp-image-14\" srcset=\"https:\/\/www.casaolga.it\/wp-content\/uploads\/2024\/08\/Crave-Laghetti-Calizzano-Val-Bormida_11.jpeg 591w, https:\/\/www.casaolga.it\/wp-content\/uploads\/2024\/08\/Crave-Laghetti-Calizzano-Val-Bormida_11-480x581.jpeg 480w\" sizes=\"(min-width: 0px) and (max-width: 480px) 480px, (min-width: 481px) 591px, 100vw\" \/><figcaption class=\"wp-element-caption\">Crave-Laghetti-Calizzano-Val-Bormida_11.jpeg<\/figcaption><\/figure>\n<\/figure>\n","protected":false},"excerpt":{"rendered":"<p>La vall\u00e9e de la Bormida est une terre riche en tr\u00e9sors cach\u00e9s, id\u00e9ale pour ceux qui recherchent une nature intacte et peu connue. Parmi ses merveilles, les petits lacs de Crav\u00e8 et de Rio Frassino sont une destination id\u00e9ale pour des excursions relaxantes, entour\u00e9s de la majest\u00e9 de la for\u00eat de Barbottina et de splendides [&hellip;]<\/p>\n","protected":false},"author":1,"featured_media":267,"comment_status":"open","ping_status":"open","sticky":false,"template":"","format":"standard","meta":{"_et_pb_use_builder":"off","_et_pb_old_content":"","_et_gb_content_width":"","footnotes":""},"categories":[39],"tags":[58,83],"class_list":["post-567","post","type-post","status-publish","format-standard","has-post-thumbnail","hentry","category-marche-et-randonnee","tag-calizzano-fr","tag-etangs"],"_links":{"self":[{"href":"https:\/\/www.casaolga.it\/fr\/wp-json\/wp\/v2\/posts\/567","targetHints":{"allow":["GET"]}}],"collection":[{"href":"https:\/\/www.casaolga.it\/fr\/wp-json\/wp\/v2\/posts"}],"about":[{"href":"https:\/\/www.casaolga.it\/fr\/wp-json\/wp\/v2\/types\/post"}],"author":[{"embeddable":true,"href":"https:\/\/www.casaolga.it\/fr\/wp-json\/wp\/v2\/users\/1"}],"replies":[{"embeddable":true,"href":"https:\/\/www.casaolga.it\/fr\/wp-json\/wp\/v2\/comments?post=567"}],"version-history":[{"count":5,"href":"https:\/\/www.casaolga.it\/fr\/wp-json\/wp\/v2\/posts\/567\/revisions"}],"predecessor-version":[{"id":736,"href":"https:\/\/www.casaolga.it\/fr\/wp-json\/wp\/v2\/posts\/567\/revisions\/736"}],"wp:featuredmedia":[{"embeddable":true,"href":"https:\/\/www.casaolga.it\/fr\/wp-json\/wp\/v2\/media\/267"}],"wp:attachment":[{"href":"https:\/\/www.casaolga.it\/fr\/wp-json\/wp\/v2\/media?parent=567"}],"wp:term":[{"taxonomy":"category","embeddable":true,"href":"https:\/\/www.casaolga.it\/fr\/wp-json\/wp\/v2\/categories?post=567"},{"taxonomy":"post_tag","embeddable":true,"href":"https:\/\/www.casaolga.it\/fr\/wp-json\/wp\/v2\/tags?post=567"}],"curies":[{"name":"wp","href":"https:\/\/api.w.org\/{rel}","templated":true}]}}